{"id":1004,"date":"2025-10-08T18:31:28","date_gmt":"2025-10-08T16:31:28","guid":{"rendered":"https:\/\/www.logicfactory.fr\/?p=1004"},"modified":"2025-10-08T20:17:18","modified_gmt":"2025-10-08T18:17:18","slug":"accessibilite-numerique-des-sanctions-a-venir-ou-en-est-la-france-en-2025","status":"publish","type":"post","link":"https:\/\/www.logicfactory.fr\/index.php\/2025\/10\/08\/accessibilite-numerique-des-sanctions-a-venir-ou-en-est-la-france-en-2025\/","title":{"rendered":"Accessibilit\u00e9 num\u00e9rique : des sanctions \u00e0 venir ? O\u00f9 en est la France en 2025"},"content":{"rendered":"<p>[et_pb_section fb_built=\u00a0\u00bb1&Prime; _builder_version=\u00a0\u00bb4.27.4&Prime; _module_preset=\u00a0\u00bbdefault\u00a0\u00bb da_disable_devices=\u00a0\u00bboff|off|off\u00a0\u00bb global_colors_info=\u00a0\u00bb{}\u00a0\u00bb da_is_popup=\u00a0\u00bboff\u00a0\u00bb da_exit_intent=\u00a0\u00bboff\u00a0\u00bb da_has_close=\u00a0\u00bbon\u00a0\u00bb da_alt_close=\u00a0\u00bboff\u00a0\u00bb da_dark_close=\u00a0\u00bboff\u00a0\u00bb da_not_modal=\u00a0\u00bbon\u00a0\u00bb da_is_singular=\u00a0\u00bboff\u00a0\u00bb da_with_loader=\u00a0\u00bboff\u00a0\u00bb da_has_shadow=\u00a0\u00bbon\u00a0\u00bb][et_pb_row _builder_version=\u00a0\u00bb4.27.4&Prime; _module_preset=\u00a0\u00bbdefault\u00a0\u00bb global_colors_info=\u00a0\u00bb{}\u00a0\u00bb][et_pb_column type=\u00a0\u00bb4_4&Prime; _builder_version=\u00a0\u00bb4.27.4&Prime; _module_preset=\u00a0\u00bbdefault\u00a0\u00bb global_colors_info=\u00a0\u00bb{}\u00a0\u00bb][et_pb_text _builder_version=\u00a0\u00bb4.27.4&Prime; _module_preset=\u00a0\u00bbdefault\u00a0\u00bb global_colors_info=\u00a0\u00bb{}\u00a0\u00bb]<\/p>\n<p>Depuis le <strong data-start=\"326\" data-end=\"342\">18 juin 2025<\/strong>, la France impose aux entreprises de rendre leurs sites web accessibles \u00e0 tous. Oui, tous \u2014 y compris aux personnes en situation de handicap. Une avanc\u00e9e majeure, mais aussi une source d\u2019inqui\u00e9tude pour beaucoup de structures qui d\u00e9couvrent (parfois un peu tard) la port\u00e9e de cette obligation.<br data-start=\"636\" data-end=\"639\" \/>Et pourtant, une question revient sans cesse : <strong data-start=\"686\" data-end=\"728\">les sanctions tombent-elles vraiment ?<\/strong><br data-start=\"728\" data-end=\"731\" \/>Voyons ensemble ce que dit la loi, qui contr\u00f4le, ce qui s\u2019est pass\u00e9 (ou pas encore), et ce qui risque d\u2019arriver tr\u00e8s bient\u00f4t.<\/p>\n<p>[\/et_pb_text][\/et_pb_column][\/et_pb_row][et_pb_row _builder_version=\u00a0\u00bb4.27.4&Prime; _module_preset=\u00a0\u00bbdefault\u00a0\u00bb global_colors_info=\u00a0\u00bb{}\u00a0\u00bb][et_pb_column type=\u00a0\u00bb4_4&Prime; _builder_version=\u00a0\u00bb4.27.4&Prime; _module_preset=\u00a0\u00bbdefault\u00a0\u00bb global_colors_info=\u00a0\u00bb{}\u00a0\u00bb][et_pb_text _builder_version=\u00a0\u00bb4.27.4&Prime; _module_preset=\u00a0\u00bbdefault\u00a0\u00bb custom_css_free_form=\u00a0\u00bb.floataDroite {||  float: right;||  margin: 0 0 0 25px;||}||.floataGauche {||  float: left;||  margin: 0 25px 8px 0;||}\u00a0\u00bb global_colors_info=\u00a0\u00bb{}\u00a0\u00bb]<\/p>\n<h2 data-start=\"863\" data-end=\"919\">1. \ud83d\udcdc Ce que dit la loi sur l\u2019accessibilit\u00e9 num\u00e9rique<\/h2>\n<p data-start=\"921\" data-end=\"1018\"><strong><em><img loading=\"lazy\" decoding=\"async\" src=\"https:\/\/www.logicfactory.fr\/wp-content\/uploads\/2025\/10\/handicap13-300x275.png\" width=\"250\" height=\"275\" alt=\"\" class=\"wp-image-1007 aligncenter size-medium floataGauche\" \/>L\u2019accessibilit\u00e9 num\u00e9rique n\u2019est pas une lubie de geek militant : c\u2019est une obligation l\u00e9gale.<\/em><\/strong><\/p>\n<p data-start=\"1020\" data-end=\"1348\">Tout part de la <strong data-start=\"1036\" data-end=\"1062\">loi du 11 f\u00e9vrier 2005<\/strong> pour l\u2019\u00e9galit\u00e9 des droits et des chances, qui a pos\u00e9 les premi\u00e8res bases de l\u2019accessibilit\u00e9 num\u00e9rique pour les services publics.<br data-start=\"1191\" data-end=\"1194\" \/>Mais le grand tournant, c\u2019est la <strong data-start=\"1227\" data-end=\"1285\">transposition de la directive europ\u00e9enne (UE) 2019\/882<\/strong>, qui a \u00e9largi en 2025 le champ d\u2019application au secteur priv\u00e9.<\/p>\n<p data-start=\"1350\" data-end=\"1647\">Depuis le <strong data-start=\"1360\" data-end=\"1376\">18 juin 2025<\/strong>, les <strong data-start=\"1382\" data-end=\"1496\">entreprises priv\u00e9es r\u00e9alisant plus de 2 millions d\u2019euros de chiffre d\u2019affaires ou comptant plus de 10 salari\u00e9s<\/strong> doivent rendre leurs sites, applications et services num\u00e9riques accessibles selon le <strong data-start=\"1582\" data-end=\"1646\">RGAA (R\u00e9f\u00e9rentiel G\u00e9n\u00e9ral d\u2019Am\u00e9lioration de l\u2019Accessibilit\u00e9)<\/strong>.<\/p>\n<p data-start=\"1649\" data-end=\"1867\">En clair : un site web doit pouvoir \u00eatre utilis\u00e9 sans souris, lu par un lecteur d\u2019\u00e9cran, navigable au clavier, et compr\u00e9hensible par tous.<br data-start=\"1787\" data-end=\"1790\" \/>Et oui, le RGAA n\u2019est pas une option : c\u2019est la norme de r\u00e9f\u00e9rence en France.<\/p>\n<h2 data-start=\"1874\" data-end=\"1946\">2. \ud83d\udd75\ufe0f Qui contr\u00f4le quoi : les gendarmes de l\u2019accessibilit\u00e9 num\u00e9rique<\/h2>\n<h3 data-start=\"1948\" data-end=\"1964\">\ud83d\udd39 L\u2019ARCOM<\/h3>\n<p data-start=\"1965\" data-end=\"2370\"><img loading=\"lazy\" decoding=\"async\" src=\"https:\/\/www.logicfactory.fr\/wp-content\/uploads\/2025\/10\/handicap14-300x135.png\" width=\"300\" height=\"135\" alt=\"\" class=\"wp-image-1010 aligncenter size-medium floataDroite\" \/>L\u2019<strong data-start=\"1967\" data-end=\"2040\">Autorit\u00e9 de r\u00e9gulation de la communication audiovisuelle et num\u00e9rique<\/strong> contr\u00f4le la conformit\u00e9 des <strong data-start=\"2068\" data-end=\"2137\">sites publics et des services de communication au public en ligne<\/strong> (collectivit\u00e9s, \u00e9tablissements publics, etc.).<br data-start=\"2184\" data-end=\"2187\" \/>Depuis l\u2019<strong data-start=\"2196\" data-end=\"2230\">ordonnance du 6 septembre 2023<\/strong>, elle peut infliger des <strong data-start=\"2255\" data-end=\"2290\">amendes allant jusqu\u2019\u00e0 50 000 \u20ac<\/strong> pour un manquement constat\u00e9 \u2014 de quoi faire r\u00e9fl\u00e9chir plus d\u2019un service public.<\/p>\n<h3 data-start=\"2372\" data-end=\"2390\">\ud83d\udd39 La DGCCRF<\/h3>\n<p data-start=\"2391\" data-end=\"2711\">La <strong data-start=\"2394\" data-end=\"2486\">Direction g\u00e9n\u00e9rale de la concurrence, de la consommation et de la r\u00e9pression des fraudes<\/strong> (DGCCRF, pour les intimes) s\u2019occupe du <strong data-start=\"2526\" data-end=\"2543\">secteur priv\u00e9<\/strong>.<br data-start=\"2544\" data-end=\"2547\" \/>Elle veille \u00e0 ce que les entreprises respectent leurs obligations l\u00e9gales, y compris en mati\u00e8re d\u2019accessibilit\u00e9 num\u00e9rique.<br data-start=\"2669\" data-end=\"2672\" \/>En cas de non-conformit\u00e9, elle peut :<\/p>\n<ul data-start=\"2712\" data-end=\"2915\">\n<li data-start=\"2712\" data-end=\"2765\">\n<p data-start=\"2714\" data-end=\"2765\">dresser une <strong data-start=\"2726\" data-end=\"2762\">injonction de mise en conformit\u00e9<\/strong>,<\/p>\n<\/li>\n<li data-start=\"2766\" data-end=\"2826\">\n<p data-start=\"2768\" data-end=\"2826\">publier le nom de l\u2019entreprise fautive (\u201cname &amp; shame\u201d),<\/p>\n<\/li>\n<li data-start=\"2827\" data-end=\"2915\">\n<p data-start=\"2829\" data-end=\"2915\">et appliquer des <strong data-start=\"2846\" data-end=\"2883\">amendes de 1 500 \u20ac par infraction<\/strong>, voire plus en cas de r\u00e9cidive.<\/p>\n<\/li>\n<\/ul>\n<h3 data-start=\"2917\" data-end=\"2934\">\ud83d\udd39 La DINUM<\/h3>\n<p>La <strong data-start=\"2938\" data-end=\"2983\">Direction interminist\u00e9rielle du num\u00e9rique<\/strong> ne sanctionne pas, mais accompagne les organismes publics dans la mise en \u0153uvre du RGAA.<br data-start=\"3072\" data-end=\"3075\" \/>C\u2019est un peu le \u201ccoach technique\u201d de l\u2019accessibilit\u00e9 \u2014 utile, mais pas punitif.<\/p>\n<p>[\/et_pb_text][\/et_pb_column][\/et_pb_row][et_pb_row _builder_version=\u00a0\u00bb4.27.4&Prime; _module_preset=\u00a0\u00bbdefault\u00a0\u00bb global_colors_info=\u00a0\u00bb{}\u00a0\u00bb][et_pb_column type=\u00a0\u00bb4_4&Prime; _builder_version=\u00a0\u00bb4.27.4&Prime; _module_preset=\u00a0\u00bbdefault\u00a0\u00bb global_colors_info=\u00a0\u00bb{}\u00a0\u00bb][et_pb_text _builder_version=\u00a0\u00bb4.27.4&Prime; _module_preset=\u00a0\u00bbdefault\u00a0\u00bb global_colors_info=\u00a0\u00bb{}\u00a0\u00bb]<\/p>\n<h2 data-start=\"3161\" data-end=\"3243\">3. \u2696\ufe0f Les sanctions d\u00e9j\u00e0 appliqu\u00e9es (spoiler : il n\u2019y en a pas encore beaucoup)<\/h2>\n<p data-start=\"3245\" data-end=\"3379\">\u00c0 ce jour (octobre 2025), <strong data-start=\"3271\" data-end=\"3312\">aucune sanction publique de la DGCCRF<\/strong> n\u2019a \u00e9t\u00e9 recens\u00e9e pour non-accessibilit\u00e9 num\u00e9rique d\u2019un site priv\u00e9.<\/p>\n<p data-start=\"3381\" data-end=\"3406\">Quelques faits notables :<\/p>\n<ul data-start=\"3407\" data-end=\"4197\">\n<li data-start=\"3407\" data-end=\"3644\">\n<p data-start=\"3409\" data-end=\"3644\">Le site officiel des <strong data-start=\"3430\" data-end=\"3471\">injonctions et sanctions de la DGCCRF<\/strong> ne mentionne aucune d\u00e9cision relative \u00e0 l\u2019accessibilit\u00e9 num\u00e9rique (<a data-start=\"3539\" data-end=\"3640\" rel=\"noopener\" target=\"_new\" class=\"decorated-link\" href=\"https:\/\/www.economie.gouv.fr\/dgccrf\/laction-de-la-dgccrf\/injonctions-et-sanctions?utm_source=chatgpt.com\">\u00e9conomie.gouv.fr<span aria-hidden=\"true\" class=\"ms-0.5 inline-block align-middle leading-none\"><svg width=\"20\" height=\"20\" viewbox=\"0 0 20 20\" fill=\"currentColor\" xmlns=\"http:\/\/www.w3.org\/2000\/svg\" data-rtl-flip=\"\" class=\"block h-[0.75em] w-[0.75em] stroke-current stroke-[0.75]\"><\/svg><\/span><\/a><\/p>\n<\/li>\n<li data-start=\"3407\" data-end=\"3644\">\n<blockquote data-start=\"3685\" data-end=\"3809\">\n<p data-start=\"3687\" data-end=\"3809\">\u201cEn 2024, l\u2019ARCOM a r\u00e9alis\u00e9 583 v\u00e9rifications de sites et 22 interventions \u00e0 la suite de signalements, <strong data-start=\"3790\" data-end=\"3805\">sans amende<\/strong>.\u201d\n                <\/p>\n<\/blockquote>\n<\/li>\n<li data-start=\"3970\" data-end=\"4197\">\n<p data-start=\"3972\" data-end=\"4197\">Les seules d\u00e9cisions judiciaires connues concernent l\u2019\u00c9tat, condamn\u00e9 pour l\u2019inaccessibilit\u00e9 de logiciels \u00e9ducatifs (cas <em data-start=\"4092\" data-end=\"4101\">Pronote<\/em>).<br data-start=\"4103\" data-end=\"4106\" \/>Bref, les textes sont pr\u00eats, les contr\u00f4leurs aussi\u2026 mais le marteau n\u2019est pas encore tomb\u00e9.<\/p>\n<\/li>\n<li>\n<p data-start=\"3647\" data-end=\"3682\">Selon <em data-start=\"3653\" data-end=\"3663\">Le Monde<\/em> (28 juin 2025) :<\/p>\n<p data-start=\"3647\" data-end=\"3682\">Les cabinets juridiques sp\u00e9cialis\u00e9s, comme <strong data-start=\"3855\" data-end=\"3869\">EY Avocats<\/strong>, confirment que les sanctions pr\u00e9vues (jusqu\u2019\u00e0 <strong data-start=\"3917\" data-end=\"3929\">25 000 \u20ac<\/strong>) <strong data-start=\"3931\" data-end=\"3966\">n\u2019ont pas encore \u00e9t\u00e9 appliqu\u00e9es<\/strong>.<\/p>\n<\/li>\n<\/ul>\n<p>[\/et_pb_text][et_pb_text _builder_version=\u00a0\u00bb4.27.4&Prime; _module_preset=\u00a0\u00bbdefault\u00a0\u00bb custom_css_free_form=\u00a0\u00bb.caleaGauche {||  float: left;||  margin: 0 30px 0 0;||}\u00a0\u00bb global_colors_info=\u00a0\u00bb{}\u00a0\u00bb]<\/p>\n<h2 data-start=\"4204\" data-end=\"4264\">4. \ud83d\udd2e Les \u00e9volutions \u00e0 venir : la tol\u00e9rance ne durera pas<\/h2>\n<p data-start=\"4266\" data-end=\"4420\">Tout indique que <strong data-start=\"4283\" data-end=\"4318\">les contr\u00f4les vont se renforcer<\/strong> \u00e0 partir de 2026.<br data-start=\"4336\" data-end=\"4339\" \/>Le gouvernement et les autorit\u00e9s annoncent une <strong data-start=\"4386\" data-end=\"4418\">phase de mont\u00e9e en puissance<\/strong> :<\/p>\n<p data-start=\"4424\" data-end=\"4505\"><strong data-start=\"4424\" data-end=\"4461\"><img loading=\"lazy\" decoding=\"async\" src=\"https:\/\/www.logicfactory.fr\/wp-content\/uploads\/2025\/10\/handicap15-300x155.png\" width=\"300\" height=\"155\" alt=\"\" class=\"wp-image-1016 aligncenter size-medium caleaGauche\" \/><\/p>\n<ul data-start=\"4422\" data-end=\"4872\">\n<li data-start=\"4422\" data-end=\"4505\">\nPlus de contr\u00f4les DGCCRF et ARCOM<\/strong>, notamment via des signalements citoyens.<\/p>\n<\/li>\n<li data-start=\"4506\" data-end=\"4595\">\n<p data-start=\"4508\" data-end=\"4595\">Un <strong data-start=\"4511\" data-end=\"4549\">formulaire national de signalement<\/strong> accessible au grand public, d\u00e9j\u00e0 \u00e0 l\u2019\u00e9tude.<\/p>\n<\/li>\n<li data-start=\"4596\" data-end=\"4694\">\n<p data-start=\"4598\" data-end=\"4694\">Une <strong data-start=\"4602\" data-end=\"4643\">base publique des sites non conformes<\/strong> envisag\u00e9e \u2014 un vrai \u201cmur de la honte\u201d num\u00e9rique.<\/p>\n<\/li>\n<li data-start=\"4695\" data-end=\"4872\">\n<p data-start=\"4697\" data-end=\"4872\">Une mobilisation croissante des <strong data-start=\"4729\" data-end=\"4793\">associations de d\u00e9fense des droits des personnes handicap\u00e9es<\/strong>, pr\u00eates \u00e0 lancer des <strong data-start=\"4815\" data-end=\"4838\">actions collectives<\/strong> contre les sites non accessibles.<\/p>\n<\/li>\n<\/ul>\n<p data-start=\"4874\" data-end=\"5056\">Le message est clair : 2025 est une ann\u00e9e de transition, mais <strong data-start=\"4936\" data-end=\"4970\">les amendes tomberont d\u00e8s 2026<\/strong>.<br data-start=\"4971\" data-end=\"4974\" \/>Ceux qui pensent que \u201cpersonne ne viendra v\u00e9rifier\u201d risquent de revoir leur copie.<\/p>\n<p>[\/et_pb_text][et_pb_text _builder_version=\u00a0\u00bb4.27.4&Prime; _module_preset=\u00a0\u00bbdefault\u00a0\u00bb custom_css_free_form=\u00a0\u00bb.caleaDroite {||  float: right;||  margin : 0 0 0 20px;||}\u00a0\u00bb global_colors_info=\u00a0\u00bb{}\u00a0\u00bb]<\/p>\n<h2 data-start=\"5063\" data-end=\"5148\">5. \ud83e\udde9 Conclusion : aucune sanction aujourd\u2019hui\u2026 mais le compte \u00e0 rebours est lanc\u00e9<\/h2>\n<p data-start=\"5150\" data-end=\"5404\">En 2025, <img loading=\"lazy\" decoding=\"async\" src=\"https:\/\/www.logicfactory.fr\/wp-content\/uploads\/2025\/10\/handicap16-300x113.png\" width=\"300\" height=\"113\" alt=\"\" class=\"wp-image-1019 aligncenter size-medium caleaDroite\" \/><strong data-start=\"5159\" data-end=\"5214\">aucune entreprise priv\u00e9e n\u2019a encore \u00e9t\u00e9 sanctionn\u00e9e<\/strong> pour manquement\u00e0 l\u2019accessibilit\u00e9 num\u00e9rique.<br data-start=\"5259\" data-end=\"5262\" \/>Mais cela ne veut pas dire que la loi dort.<br data-start=\"5305\" data-end=\"5308\" \/>Les contr\u00f4les s\u2019intensifient, les outils se mettent en place, et les associations surveillent.<\/p>\n<p data-start=\"5406\" data-end=\"5416\">En clair :<\/p>\n<blockquote data-start=\"5417\" data-end=\"5534\">\n<p data-start=\"5419\" data-end=\"5534\">Les sanctions ne sont pas encore l\u00e0, mais elles sont d\u00e9j\u00e0 en route \u2014 et elles ne pr\u00e9viendront pas avant de frapper.<\/p>\n<\/blockquote>\n<p data-start=\"5536\" data-end=\"5616\">Alors, plut\u00f4t que d\u2019attendre la convocation de la DGCCRF, mieux vaut anticiper :<\/p>\n<ul data-start=\"5617\" data-end=\"5742\">\n<li data-start=\"5617\" data-end=\"5656\">\n<p data-start=\"5619\" data-end=\"5656\"><strong data-start=\"5619\" data-end=\"5653\">auditer son site selon le RGAA<\/strong>,<\/p>\n<\/li>\n<li data-start=\"5657\" data-end=\"5704\">\n<p data-start=\"5659\" data-end=\"5704\"><strong data-start=\"5659\" data-end=\"5701\">publier sa d\u00e9claration d\u2019accessibilit\u00e9<\/strong>,<\/p>\n<\/li>\n<li data-start=\"5705\" data-end=\"5742\">\n<p data-start=\"5707\" data-end=\"5742\">et <strong data-start=\"5710\" data-end=\"5739\">planifier ses corrections<\/strong>.<\/p>\n<\/li>\n<\/ul>\n<p data-start=\"5744\" data-end=\"5914\">Un site accessible, ce n\u2019est pas seulement une contrainte l\u00e9gale : c\u2019est un signe de respect, d\u2019ouverture et de s\u00e9rieux.<br data-start=\"5864\" data-end=\"5867\" \/>Et, bonus non n\u00e9gligeable : <strong data-start=\"5895\" data-end=\"5914\">Google aime \u00e7a.<\/strong><\/p>\n<p>[\/et_pb_text][et_pb_cta title=\u00a0\u00bbFaites de votre site un espace r\u00e9ellement ouvert \u00e0 tous\u00a0\u00bb button_url=\u00a0\u00bbhttp:\/\/Faites%20de%20votre%20site%20un%20espace%20r\u00e9ellement%20ouvert%20\u00e0%20tous\u00a0\u00bb button_text=\u00a0\u00bbD\u00e9couvrir mon niveau d\u2019accessibilit\u00e9\u00a0\u00bb _builder_version=\u00a0\u00bb4.27.4&Prime; _dynamic_attributes=\u00a0\u00bblink_option_url\u00a0\u00bb _module_preset=\u00a0\u00bbdefault\u00a0\u00bb link_option_url=\u00a0\u00bb@ET-DC@eyJkeW5hbWljIjp0cnVlLCJjb250ZW50IjoicG9zdF9saW5rX3VybF9wYWdlIiwic2V0dGluZ3MiOnsicG9zdF9pZCI6IjgifX0=@\u00a0\u00bb custom_css_free_form=\u00a0\u00bb.et_pb_promo_button {||  background-color : #a0006d;||  border: 4px solid #fff;||  border-radius : 16px;||}\u00a0\u00bb global_colors_info=\u00a0\u00bb{}\u00a0\u00bb]<\/p>\n<p>Rendre son site accessible, ce n\u2019est pas seulement \u00e9viter une amende : c\u2019est <strong data-start=\"1194\" data-end=\"1236\">ouvrir ses portes \u00e0 tous ses visiteurs<\/strong>.<br data-start=\"1237\" data-end=\"1240\" \/>Avec <strong data-start=\"1247\" data-end=\"1263\">LogicFactory<\/strong>, vous b\u00e9n\u00e9ficiez d\u2019un accompagnement sur mesure pour auditer, corriger et valoriser votre d\u00e9marche d\u2019accessibilit\u00e9.<br data-start=\"1379\" data-end=\"1382\" \/><strong data-start=\"1384\" data-end=\"1413\">Parlez-nous de votre site<\/strong>, on vous dira o\u00f9 vous en \u00eates \u2014 et comment faire mieux.<\/p>\n<p>[\/et_pb_cta][\/et_pb_column][\/et_pb_row][\/et_pb_section]<\/p>\n","protected":false},"excerpt":{"rendered":"<p>Depuis le 18 juin 2025, la France impose aux entreprises de rendre leurs sites web accessibles \u00e0 tous. Oui, tous \u2014 y compris aux personnes en situation de handicap. Une avanc\u00e9e majeure, mais aussi une source d\u2019inqui\u00e9tude pour beaucoup de structures qui d\u00e9couvrent (parfois un peu tard) la port\u00e9e de cette obligation.Et pourtant, une question [&hellip;]<\/p>\n","protected":false},"author":1,"featured_media":0,"comment_status":"open","ping_status":"open","sticky":false,"template":"","format":"standard","meta":{"_et_pb_use_builder":"on","_et_pb_old_content":"","_et_gb_content_width":"","footnotes":""},"categories":[10,6,8],"tags":[17,21,20],"class_list":["post-1004","post","type-post","status-publish","format-standard","hentry","category-accessibilite-numerique","category-articles-de-blog","category-informatique-est-ma-passion","tag-accessibilite-numerique","tag-obligations-nouvelles","tag-sanctions"],"_links":{"self":[{"href":"https:\/\/www.logicfactory.fr\/index.php\/wp-json\/wp\/v2\/posts\/1004","targetHints":{"allow":["GET"]}}],"collection":[{"href":"https:\/\/www.logicfactory.fr\/index.php\/wp-json\/wp\/v2\/posts"}],"about":[{"href":"https:\/\/www.logicfactory.fr\/index.php\/wp-json\/wp\/v2\/types\/post"}],"author":[{"embeddable":true,"href":"https:\/\/www.logicfactory.fr\/index.php\/wp-json\/wp\/v2\/users\/1"}],"replies":[{"embeddable":true,"href":"https:\/\/www.logicfactory.fr\/index.php\/wp-json\/wp\/v2\/comments?post=1004"}],"version-history":[{"count":8,"href":"https:\/\/www.logicfactory.fr\/index.php\/wp-json\/wp\/v2\/posts\/1004\/revisions"}],"predecessor-version":[{"id":1028,"href":"https:\/\/www.logicfactory.fr\/index.php\/wp-json\/wp\/v2\/posts\/1004\/revisions\/1028"}],"wp:attachment":[{"href":"https:\/\/www.logicfactory.fr\/index.php\/wp-json\/wp\/v2\/media?parent=1004"}],"wp:term":[{"taxonomy":"category","embeddable":true,"href":"https:\/\/www.logicfactory.fr\/index.php\/wp-json\/wp\/v2\/categories?post=1004"},{"taxonomy":"post_tag","embeddable":true,"href":"https:\/\/www.logicfactory.fr\/index.php\/wp-json\/wp\/v2\/tags?post=1004"}],"curies":[{"name":"wp","href":"https:\/\/api.w.org\/{rel}","templated":true}]}}