{"id":979,"date":"2025-10-01T11:01:18","date_gmt":"2025-10-01T09:01:18","guid":{"rendered":"https:\/\/www.logicfactory.fr\/?p=979"},"modified":"2025-10-01T11:04:53","modified_gmt":"2025-10-01T09:04:53","slug":"du-diagnostic-a-laction-reussir-son-schema-pluriannuel-daccessibilite-numerique","status":"publish","type":"post","link":"https:\/\/www.logicfactory.fr\/index.php\/2025\/10\/01\/du-diagnostic-a-laction-reussir-son-schema-pluriannuel-daccessibilite-numerique\/","title":{"rendered":"Du diagnostic \u00e0 l\u2019action : r\u00e9ussir son sch\u00e9ma pluriannuel d\u2019accessibilit\u00e9 num\u00e9rique"},"content":{"rendered":"<p>[et_pb_section fb_built=\u00a0\u00bb1&Prime; theme_builder_area=\u00a0\u00bbpost_content\u00a0\u00bb _builder_version=\u00a0\u00bb4.27.4&Prime; _module_preset=\u00a0\u00bbdefault\u00a0\u00bb da_is_popup=\u00a0\u00bboff\u00a0\u00bb da_exit_intent=\u00a0\u00bboff\u00a0\u00bb da_has_close=\u00a0\u00bbon\u00a0\u00bb da_alt_close=\u00a0\u00bboff\u00a0\u00bb da_dark_close=\u00a0\u00bboff\u00a0\u00bb da_not_modal=\u00a0\u00bbon\u00a0\u00bb da_is_singular=\u00a0\u00bboff\u00a0\u00bb da_with_loader=\u00a0\u00bboff\u00a0\u00bb da_has_shadow=\u00a0\u00bbon\u00a0\u00bb da_disable_devices=\u00a0\u00bboff|off|off\u00a0\u00bb][et_pb_row _builder_version=\u00a0\u00bb4.27.4&Prime; _module_preset=\u00a0\u00bbdefault\u00a0\u00bb column_structure=\u00a0\u00bb1_2,1_2&Prime; theme_builder_area=\u00a0\u00bbpost_content\u00a0\u00bb hover_enabled=\u00a0\u00bb0&Prime; sticky_enabled=\u00a0\u00bb0&Prime; custom_margin=\u00a0\u00bb||0px||false|false\u00a0\u00bb custom_padding=\u00a0\u00bb||0px||false|false\u00a0\u00bb][et_pb_column _builder_version=\u00a0\u00bb4.27.4&Prime; _module_preset=\u00a0\u00bbdefault\u00a0\u00bb type=\u00a0\u00bb1_2&Prime; theme_builder_area=\u00a0\u00bbpost_content\u00a0\u00bb][et_pb_image src=\u00a0\u00bbhttps:\/\/www.logicfactory.fr\/wp-content\/uploads\/2025\/10\/handicap6.png\u00a0\u00bb _builder_version=\u00a0\u00bb4.27.4&Prime; _module_preset=\u00a0\u00bbdefault\u00a0\u00bb theme_builder_area=\u00a0\u00bbpost_content\u00a0\u00bb title_text=\u00a0\u00bbhandicap6&Prime; global_colors_info=\u00a0\u00bb{%22gcid-05fc2064-0361-494d-a98d-4f8995b76a54%22:%91%22background_color%22%93,%22gcid-1ef1549d-3829-4ec6-8103-94ef259b88b0%22:%91%22border_color_all%22%93}\u00a0\u00bb background_color=\u00a0\u00bbgcid-05fc2064-0361-494d-a98d-4f8995b76a54&Prime; width=\u00a0\u00bb100%\u00a0\u00bb hover_enabled=\u00a0\u00bb0&Prime; sticky_enabled=\u00a0\u00bb0&Prime; module_alignment=\u00a0\u00bbcenter\u00a0\u00bb border_color_all=\u00a0\u00bbgcid-1ef1549d-3829-4ec6-8103-94ef259b88b0&Prime; border_radii=\u00a0\u00bbon|4px|4px|4px|4px\u00a0\u00bb][\/et_pb_image][\/et_pb_column][et_pb_column _builder_version=\u00a0\u00bb4.27.4&Prime; _module_preset=\u00a0\u00bbdefault\u00a0\u00bb type=\u00a0\u00bb1_2&Prime; theme_builder_area=\u00a0\u00bbpost_content\u00a0\u00bb][et_pb_text _builder_version=\u00a0\u00bb4.27.4&Prime; _module_preset=\u00a0\u00bbdefault\u00a0\u00bb theme_builder_area=\u00a0\u00bbpost_content\u00a0\u00bb hover_enabled=\u00a0\u00bb0&Prime; sticky_enabled=\u00a0\u00bb0&Prime;]<\/p>\n<h2 data-start=\"282\" data-end=\"347\">Qu\u2019est-ce qu\u2019un sch\u00e9ma pluriannuel d\u2019accessibilit\u00e9 num\u00e9rique ?<\/h2>\n<p data-start=\"349\" data-end=\"453\">C\u2019est un document strat\u00e9gique sur plusieurs ann\u00e9es (g\u00e9n\u00e9ralement <strong data-start=\"414\" data-end=\"427\">3 ans max<\/strong> en France) qui pr\u00e9sente :<\/p>\n<ul data-start=\"455\" data-end=\"853\">\n<li data-start=\"455\" data-end=\"543\">\n<p data-start=\"457\" data-end=\"543\">la politique de l\u2019entit\u00e9 (publique ou priv\u00e9e) en mati\u00e8re d\u2019accessibilit\u00e9 num\u00e9rique ;<\/p>\n<\/li>\n<li>les moyens (humains, financiers, outils) affect\u00e9s \u00e0 cette politique ;<\/li>\n<\/ul>\n<p>[\/et_pb_text][\/et_pb_column][\/et_pb_row][et_pb_row _builder_version=\u00a0\u00bb4.27.4&Prime; _module_preset=\u00a0\u00bbdefault\u00a0\u00bb theme_builder_area=\u00a0\u00bbpost_content\u00a0\u00bb hover_enabled=\u00a0\u00bb0&Prime; sticky_enabled=\u00a0\u00bb0&Prime; custom_margin=\u00a0\u00bb0px||0px||false|false\u00a0\u00bb custom_padding=\u00a0\u00bb0px||0px||false|false\u00a0\u00bb][et_pb_column _builder_version=\u00a0\u00bb4.27.4&Prime; _module_preset=\u00a0\u00bbdefault\u00a0\u00bb type=\u00a0\u00bb4_4&Prime; theme_builder_area=\u00a0\u00bbpost_content\u00a0\u00bb][et_pb_text _builder_version=\u00a0\u00bb4.27.4&Prime; _module_preset=\u00a0\u00bbdefault\u00a0\u00bb theme_builder_area=\u00a0\u00bbpost_content\u00a0\u00bb hover_enabled=\u00a0\u00bb0&Prime; sticky_enabled=\u00a0\u00bb0&Prime; custom_padding=\u00a0\u00bb||0px||false|false\u00a0\u00bb custom_margin=\u00a0\u00bb||0px||false|false\u00a0\u00bb]<\/p>\n<ul>\n<li data-start=\"620\" data-end=\"731\">les actions \u00e0 mener pour rendre accessible l\u2019\u00e9cosyst\u00e8me num\u00e9rique (sites, applications, contenus, services) ;<\/li>\n<li data-start=\"734\" data-end=\"773\">la gouvernance, les responsabilit\u00e9s ;<\/li>\n<li data-start=\"776\" data-end=\"853\">le calendrier de mise en \u0153uvre, les priorit\u00e9s, le suivi et les indicateurs.<\/li>\n<\/ul>\n<h2 data-start=\"1308\" data-end=\"1376\">Que doit contenir un sch\u00e9ma pluriannuel (rubriques \/ chapitres) ?<\/h2>\n<p data-start=\"1378\" data-end=\"1536\">D\u2019apr\u00e8s les r\u00e9f\u00e9rences (DesignGouv, RGAA, exemples de minist\u00e8res, etc.), voici les rubriques typiques \u00e0 pr\u00e9voir.<\/p>\n<table>\n<thead data-start=\"1538\" data-end=\"1610\">\n<tr data-start=\"1538\" data-end=\"1610\">\n<th data-start=\"1538\" data-end=\"1559\" data-col-size=\"md\">Rubrique \/ \u00c9l\u00e9ment<\/th>\n<th data-start=\"1559\" data-end=\"1585\" data-col-size=\"lg\">Description \/ fonctions<\/th>\n<th data-start=\"1585\" data-end=\"1610\" data-col-size=\"lg\">Remarques ou exemples<\/th>\n<\/tr>\n<\/thead>\n<\/table>\n<div>\n<table>\n<tbody>\n<tr data-start=\"1625\" data-end=\"1928\">\n<td data-start=\"1625\" data-end=\"1675\" data-col-size=\"md\"><strong data-start=\"1627\" data-end=\"1674\">Introduction \/ contexte l\u00e9gal &amp; strat\u00e9gique<\/strong><\/td>\n<td data-start=\"1675\" data-end=\"1800\" data-col-size=\"lg\">rappeler le cadre juridique de l\u2019accessibilit\u00e9 num\u00e9rique (loi, RGAA, obligations) ; les raisons pour l\u2019entit\u00e9 de s\u2019engager<\/td>\n<td data-start=\"1800\" data-end=\"1928\" data-col-size=\"lg\">ex. minist\u00e8re de la Culture cite l\u2019obligation l\u00e9gale de publier le sch\u00e9ma pluriannuel. <span class=\"\" data-state=\"closed\"><span class=\"ms-1 inline-flex max-w-full items-center relative top-[-0.094rem] animate-[show_150ms_ease-in]\" data-testid=\"webpage-citation-pill\"><a href=\"https:\/\/www.culture.gouv.fr\/accessibilite-partiellement-conforme\/schema-pluriannuel-d-accessibilite-numerique?utm_source=chatgpt.com\" target=\"_blank\" rel=\"noopener\" alt=\"https:\/\/www.culture.gouv.fr\/accessibilite-partiellement-conforme\/schema-pluriannuel-d-accessibilite-numerique?utm_source=chatgpt.com\" class=\"flex h-4.5 overflow-hidden rounded-xl px-2 text-[9px] font-medium transition-colors duration-150 ease-in-out text-token-text-secondary! bg-[#F4F4F4]! dark:bg-[#303030]!\"><span class=\"relative start-0 bottom-0 flex h-full w-full items-center\"><span class=\"flex h-4 w-full items-center justify-between overflow-hidden\"><span class=\"max-w-[15ch] grow truncate overflow-hidden text-center\">Minist\u00e8re de la Culture<\/span><\/span><\/span><\/a><\/span><\/span><\/td>\n<\/tr>\n<\/tbody>\n<\/table>\n<\/div>\n<div>\n<table>\n<tbody>\n<tr data-start=\"1929\" data-end=\"2188\">\n<td data-start=\"1929\" data-end=\"1958\" data-col-size=\"md\"><strong data-start=\"1931\" data-end=\"1957\">Gouvernance &amp; pilotage<\/strong><\/td>\n<td data-start=\"1958\" data-end=\"2071\" data-col-size=\"lg\">r\u00f4le du \u00ab r\u00e9f\u00e9rent accessibilit\u00e9 num\u00e9rique \u00bb, organes de d\u00e9cision, rattachement hi\u00e9rarchique, comit\u00e9s de suivi<\/td>\n<td data-start=\"2071\" data-end=\"2188\" data-col-size=\"lg\">exemple : CNIL pr\u00e9voit un \u00ab GT accessibilit\u00e9 \u00bb comme c\u0153ur de la gouvernance <span class=\"\" data-state=\"closed\"><span class=\"ms-1 inline-flex max-w-full items-center relative top-[-0.094rem] animate-[show_150ms_ease-in]\" data-testid=\"webpage-citation-pill\"><a href=\"https:\/\/www.cnil.fr\/sites\/cnil\/files\/2025-03\/cnil_schema_d_accessibilite_2025-2027.pdf?utm_source=chatgpt.com\" target=\"_blank\" rel=\"noopener\" alt=\"https:\/\/www.cnil.fr\/sites\/cnil\/files\/2025-03\/cnil_schema_d_accessibilite_2025-2027.pdf?utm_source=chatgpt.com\" class=\"flex h-4.5 overflow-hidden rounded-xl px-2 text-[9px] font-medium transition-colors duration-150 ease-in-out text-token-text-secondary! bg-[#F4F4F4]! dark:bg-[#303030]!\"><span class=\"relative start-0 bottom-0 flex h-full w-full items-center\"><span class=\"flex h-4 w-full items-center justify-between overflow-hidden\"><span class=\"max-w-[15ch] grow truncate overflow-hidden text-center\">CNIL<\/span><\/span><\/span><\/a><\/span><\/span><\/td>\n<\/tr>\n<\/tbody>\n<\/table>\n<\/div>\n<div>\n<table>\n<tbody>\n<tr data-start=\"2189\" data-end=\"2445\">\n<td data-start=\"2189\" data-end=\"2229\" data-col-size=\"md\"><strong data-start=\"2191\" data-end=\"2228\">Ressources humaines &amp; comp\u00e9tences<\/strong><\/td>\n<td data-start=\"2229\" data-end=\"2313\" data-col-size=\"lg\">qui fera le travail, quelles comp\u00e9tences, formation, sensibilisation, recrutement<\/td>\n<td data-start=\"2313\" data-end=\"2445\" data-col-size=\"lg\">pr\u00e9voir des formations pour les agents, int\u00e9grer les comp\u00e9tences dans les fiches de poste. <span class=\"\" data-state=\"closed\"><span class=\"ms-1 inline-flex max-w-full items-center relative top-[-0.094rem] animate-[show_150ms_ease-in]\" data-testid=\"webpage-citation-pill\"><a href=\"https:\/\/design.numerique.gouv.fr\/accessibilite-numerique\/schema-pluriannuel\/?utm_source=chatgpt.com\" target=\"_blank\" rel=\"noopener\" alt=\"https:\/\/design.numerique.gouv.fr\/accessibilite-numerique\/schema-pluriannuel\/?utm_source=chatgpt.com\" class=\"flex h-4.5 overflow-hidden rounded-xl px-2 text-[9px] font-medium transition-colors duration-150 ease-in-out text-token-text-secondary! bg-[#F4F4F4]! dark:bg-[#303030]!\"><span class=\"relative start-0 bottom-0 flex h-full w-full items-center\"><span class=\"flex h-4 w-full items-center justify-between\"><span class=\"max-w-[15ch] grow truncate overflow-hidden text-center\">design.numerique.gouv.fr<\/span><span class=\"-me-1 flex h-full items-center rounded-full px-1 text-[#8F8F8F]\">+2<\/span><\/span><span class=\"flex h-4 w-full items-center justify-between absolute\"><span class=\"max-w-[15ch] grow truncate overflow-hidden text-center\">Minist\u00e8re de la Transition \u00c9cologique<\/span><span class=\"-me-1 flex h-full items-center rounded-full px-1 text-[#8F8F8F]\">+2<\/span><\/span><\/span><\/a><\/span><\/span><\/td>\n<\/tr>\n<\/tbody>\n<\/table>\n<\/div>\n<div>\n<table>\n<tbody>\n<tr data-start=\"2446\" data-end=\"2644\">\n<td data-start=\"2446\" data-end=\"2484\" data-col-size=\"md\"><strong data-start=\"2448\" data-end=\"2483\">Ressources financi\u00e8res \/ budget<\/strong><\/td>\n<td data-start=\"2484\" data-end=\"2547\" data-col-size=\"lg\">budget d\u00e9di\u00e9, investissements, postes, prestataires externes<\/td>\n<td data-start=\"2547\" data-end=\"2644\" data-col-size=\"lg\">pr\u00e9voir des enveloppes pour audits, outils, correctifs. <span class=\"\" data-state=\"closed\"><span class=\"ms-1 inline-flex max-w-full items-center relative top-[-0.094rem] animate-[show_150ms_ease-in]\" data-testid=\"webpage-citation-pill\"><a href=\"https:\/\/design.numerique.gouv.fr\/accessibilite-numerique\/schema-pluriannuel\/?utm_source=chatgpt.com\" target=\"_blank\" rel=\"noopener\" alt=\"https:\/\/design.numerique.gouv.fr\/accessibilite-numerique\/schema-pluriannuel\/?utm_source=chatgpt.com\" class=\"flex h-4.5 overflow-hidden rounded-xl px-2 text-[9px] font-medium transition-colors duration-150 ease-in-out text-token-text-secondary! bg-[#F4F4F4]! dark:bg-[#303030]!\"><span class=\"relative start-0 bottom-0 flex h-full w-full items-center\"><span class=\"flex h-4 w-full items-center justify-between\"><span class=\"max-w-[15ch] grow truncate overflow-hidden text-center\">design.numerique.gouv.fr<\/span><span class=\"-me-1 flex h-full items-center rounded-full px-1 text-[#8F8F8F]\">+2<\/span><\/span><span class=\"flex h-4 w-full items-center justify-between absolute\"><span class=\"max-w-[15ch] grow truncate overflow-hidden text-center\">Minist\u00e8re de l&rsquo;\u00c9conomie<\/span><span class=\"-me-1 flex h-full items-center rounded-full px-1 text-[#8F8F8F]\">+2<\/span><\/span><\/span><\/a><\/span><\/span><\/td>\n<\/tr>\n<\/tbody>\n<\/table>\n<\/div>\n<div>\n<table>\n<tbody>\n<tr data-start=\"2645\" data-end=\"2988\">\n<td data-start=\"2645\" data-end=\"2711\" data-col-size=\"md\"><strong data-start=\"2647\" data-end=\"2710\">Organisation des processus &amp; int\u00e9gration de l\u2019accessibilit\u00e9<\/strong><\/td>\n<td data-start=\"2711\" data-end=\"2868\" data-col-size=\"lg\">comment l\u2019accessibilit\u00e9 est int\u00e9gr\u00e9e dans les projets num\u00e9riques, les appels d\u2019offres, les crit\u00e8res de s\u00e9lection de prestataires, les recettes \/ contr\u00f4les<\/td>\n<td data-start=\"2868\" data-end=\"2988\" data-col-size=\"lg\">ex. int\u00e9grer l\u2019accessibilit\u00e9 dans les clauses contractuelles des prestataires. <span class=\"\" data-state=\"closed\"><span class=\"ms-1 inline-flex max-w-full items-center relative top-[-0.094rem] animate-[show_150ms_ease-in]\" data-testid=\"webpage-citation-pill\"><a href=\"https:\/\/design.numerique.gouv.fr\/accessibilite-numerique\/schema-pluriannuel\/?utm_source=chatgpt.com\" target=\"_blank\" rel=\"noopener\" alt=\"https:\/\/design.numerique.gouv.fr\/accessibilite-numerique\/schema-pluriannuel\/?utm_source=chatgpt.com\" class=\"flex h-4.5 overflow-hidden rounded-xl px-2 text-[9px] font-medium transition-colors duration-150 ease-in-out text-token-text-secondary! bg-[#F4F4F4]! dark:bg-[#303030]!\"><span class=\"relative start-0 bottom-0 flex h-full w-full items-center\"><span class=\"flex h-4 w-full items-center justify-between\"><span class=\"max-w-[15ch] grow truncate overflow-hidden text-center\">design.numerique.gouv.fr<\/span><span class=\"-me-1 flex h-full items-center rounded-full px-1 text-[#8F8F8F]\">+2<\/span><\/span><span class=\"flex h-4 w-full items-center justify-between absolute\"><span class=\"max-w-[15ch] grow truncate overflow-hidden text-center\">CNIL<\/span><span class=\"-me-1 flex h-full items-center rounded-full px-1 text-[#8F8F8F]\">+2<\/span><\/span><\/span><\/a><\/span><\/span><\/td>\n<\/tr>\n<\/tbody>\n<\/table>\n<\/div>\n<div>\n<table>\n<tbody>\n<tr data-start=\"2989\" data-end=\"3279\">\n<td data-start=\"2989\" data-end=\"3046\" data-col-size=\"md\"><strong data-start=\"2991\" data-end=\"3045\">Recensement du patrimoine num\u00e9rique \/ cartographie<\/strong><\/td>\n<td data-start=\"3046\" data-end=\"3158\" data-col-size=\"lg\">faire l\u2019inventaire des sites web, intranets, applications, services num\u00e9riques, contenus \u00e0 rendre accessibles<\/td>\n<td data-start=\"3158\" data-end=\"3279\" data-col-size=\"lg\">prioriser selon usage, criticit\u00e9, fr\u00e9quentation, cycle de vie (refonte pr\u00e9vue). <span class=\"\" data-state=\"closed\"><span class=\"ms-1 inline-flex max-w-full items-center relative top-[-0.094rem] animate-[show_150ms_ease-in]\" data-testid=\"webpage-citation-pill\"><a href=\"https:\/\/www.economie.gouv.fr\/files\/files\/accessibilite\/MEFSIN-SG_SIRCOM_accessibilite_schema_pluriannuel_2024-2027_v1.0.pdf?utm_source=chatgpt.com\" target=\"_blank\" rel=\"noopener\" alt=\"https:\/\/www.economie.gouv.fr\/files\/files\/accessibilite\/MEFSIN-SG_SIRCOM_accessibilite_schema_pluriannuel_2024-2027_v1.0.pdf?utm_source=chatgpt.com\" class=\"flex h-4.5 overflow-hidden rounded-xl px-2 text-[9px] font-medium transition-colors duration-150 ease-in-out text-token-text-secondary! bg-[#F4F4F4]! dark:bg-[#303030]!\"><span class=\"relative start-0 bottom-0 flex h-full w-full items-center\"><span class=\"flex h-4 w-full items-center justify-between\"><span class=\"max-w-[15ch] grow truncate overflow-hidden text-center\">Minist\u00e8re de l&rsquo;\u00c9conomie<\/span><span class=\"-me-1 flex h-full items-center rounded-full px-1 text-[#8F8F8F]\">+2<\/span><\/span><span class=\"flex h-4 w-full items-center justify-between absolute\"><span class=\"max-w-[15ch] grow truncate overflow-hidden text-center\">\u00cele-de-France<\/span><span class=\"-me-1 flex h-full items-center rounded-full px-1 text-[#8F8F8F]\">+2<\/span><\/span><\/span><\/a><\/span><\/span><\/td>\n<\/tr>\n<\/tbody>\n<\/table>\n<\/div>\n<div>\n<table>\n<tbody>\n<tr data-start=\"3280\" data-end=\"3616\">\n<td data-start=\"3280\" data-end=\"3332\" data-col-size=\"md\"><strong data-start=\"3282\" data-end=\"3331\">Diagnostic \/ audit \/ \u00e9valuation de l\u2019existant<\/strong><\/td>\n<td data-start=\"3332\" data-end=\"3443\" data-col-size=\"lg\">\u00e9tat de conformit\u00e9 (via audits internes \/ externes), priorit\u00e9 des non-conformit\u00e9s, identification des \u00e9carts<\/td>\n<td data-start=\"3443\" data-end=\"3616\" data-col-size=\"lg\">exemple du sch\u00e9ma 2024-2027 du minist\u00e8re des finances : chaque site a \u00e9t\u00e9 qualifi\u00e9 selon des crit\u00e8res (fr\u00e9quentation, criticit\u00e9&#8230;) <span class=\"\" data-state=\"closed\"><span class=\"ms-1 inline-flex max-w-full items-center relative top-[-0.094rem] animate-[show_150ms_ease-in]\" data-testid=\"webpage-citation-pill\"><a href=\"https:\/\/www.economie.gouv.fr\/files\/files\/accessibilite\/MEFSIN-SG_SIRCOM_accessibilite_schema_pluriannuel_2024-2027_v1.0.pdf?utm_source=chatgpt.com\" target=\"_blank\" rel=\"noopener\" alt=\"https:\/\/www.economie.gouv.fr\/files\/files\/accessibilite\/MEFSIN-SG_SIRCOM_accessibilite_schema_pluriannuel_2024-2027_v1.0.pdf?utm_source=chatgpt.com\" class=\"flex h-4.5 overflow-hidden rounded-xl px-2 text-[9px] font-medium transition-colors duration-150 ease-in-out text-token-text-secondary! bg-[#F4F4F4]! dark:bg-[#303030]!\"><span class=\"relative start-0 bottom-0 flex h-full w-full items-center\"><span class=\"flex h-4 w-full items-center justify-between overflow-hidden\"><span class=\"max-w-[15ch] grow truncate overflow-hidden text-center\">Minist\u00e8re de l&rsquo;\u00c9conomie<\/span><\/span><\/span><\/a><\/span><\/span><\/td>\n<\/tr>\n<\/tbody>\n<\/table>\n<\/div>\n<div>\n<table>\n<tbody>\n<tr data-start=\"3617\" data-end=\"3941\">\n<td data-start=\"3617\" data-end=\"3653\" data-col-size=\"md\"><strong data-start=\"3619\" data-end=\"3652\">Axes strat\u00e9giques \/ priorit\u00e9s<\/strong><\/td>\n<td data-start=\"3653\" data-end=\"3758\" data-col-size=\"lg\">d\u00e9finir les grands domaines d\u2019effort (contenus, accessibilit\u00e9 technique, formation, processus, outils)<\/td>\n<td data-start=\"3758\" data-end=\"3941\" data-col-size=\"lg\">ex. AFNOR d\u00e9finit \u00ab \u00e9valuer les services existants \u00bb, \u00ab int\u00e9grer l\u2019accessibilit\u00e9 dans les nouveaux projets \u00bb, \u00ab sensibiliser les \u00e9quipes \u00bb. <span class=\"\" data-state=\"closed\"><span class=\"ms-1 inline-flex max-w-full items-center relative top-[-0.094rem] animate-[show_150ms_ease-in]\" data-testid=\"webpage-citation-pill\"><a href=\"https:\/\/www.afnor.org\/accessibilite\/schema-pluriannuel-accessibilite-numerique\/?utm_source=chatgpt.com\" target=\"_blank\" rel=\"noopener\" alt=\"https:\/\/www.afnor.org\/accessibilite\/schema-pluriannuel-accessibilite-numerique\/?utm_source=chatgpt.com\" class=\"flex h-4.5 overflow-hidden rounded-xl px-2 text-[9px] font-medium transition-colors duration-150 ease-in-out text-token-text-secondary! bg-[#F4F4F4]! dark:bg-[#303030]!\"><span class=\"relative start-0 bottom-0 flex h-full w-full items-center\"><span class=\"flex h-4 w-full items-center justify-between overflow-hidden\"><span class=\"max-w-[15ch] grow truncate overflow-hidden text-center\">Groupe AFNOR<\/span><\/span><\/span><\/a><\/span><\/span><\/td>\n<\/tr>\n<\/tbody>\n<\/table>\n<\/div>\n<div>\n<table>\n<tbody>\n<tr data-start=\"3942\" data-end=\"4212\">\n<td data-start=\"3942\" data-end=\"4007\" data-col-size=\"md\"><strong data-start=\"3944\" data-end=\"4006\">Plan d\u2019actions pluriannuel + calendrier \/ feuille de route<\/strong><\/td>\n<td data-start=\"4007\" data-end=\"4084\" data-col-size=\"lg\">ce qui sera fait sur chaque ann\u00e9e, avec jalons, \u00e9ch\u00e9ances, responsabilit\u00e9s<\/td>\n<td data-start=\"4084\" data-end=\"4212\" data-col-size=\"lg\">ex. le sch\u00e9ma 2025-2027 de la DICOM pr\u00e9cise des actions de formation sur les ann\u00e9es. <span class=\"\" data-state=\"closed\"><span class=\"ms-1 inline-flex max-w-full items-center relative top-[-0.094rem] animate-[show_150ms_ease-in]\" data-testid=\"webpage-citation-pill\"><a href=\"https:\/\/www.ecologie.gouv.fr\/schema-pluriannuel-daccessibilite-numerique-2025-2027?utm_source=chatgpt.com\" target=\"_blank\" rel=\"noopener\" alt=\"https:\/\/www.ecologie.gouv.fr\/schema-pluriannuel-daccessibilite-numerique-2025-2027?utm_source=chatgpt.com\" class=\"flex h-4.5 overflow-hidden rounded-xl px-2 text-[9px] font-medium transition-colors duration-150 ease-in-out text-token-text-secondary! bg-[#F4F4F4]! dark:bg-[#303030]!\"><span class=\"relative start-0 bottom-0 flex h-full w-full items-center\"><span class=\"flex h-4 w-full items-center justify-between overflow-hidden\"><span class=\"max-w-[15ch] grow truncate overflow-hidden text-center\">Minist\u00e8re de la Transition \u00c9cologique<\/span><\/span><\/span><\/a><\/span><\/span><\/td>\n<\/tr>\n<\/tbody>\n<\/table>\n<\/div>\n<div>\n<table>\n<tbody>\n<tr data-start=\"4213\" data-end=\"4442\">\n<td data-start=\"4213\" data-end=\"4241\" data-col-size=\"md\"><strong data-start=\"4215\" data-end=\"4240\">Plan d\u2019actions annuel<\/strong><\/td>\n<td data-start=\"4241\" data-end=\"4337\" data-col-size=\"lg\">d\u00e9clinaison fine de l\u2019ann\u00e9e N : actions, indicateurs, suivi, responsables, budgets, \u00e9ch\u00e9ances<\/td>\n<td data-start=\"4337\" data-end=\"4442\" data-col-size=\"lg\">c\u2019est le document op\u00e9rationnel qui vient du plan pluriannuel. <span class=\"\" data-state=\"closed\"><span class=\"ms-1 inline-flex max-w-full items-center relative top-[-0.094rem] animate-[show_150ms_ease-in]\" data-testid=\"webpage-citation-pill\"><a href=\"https:\/\/accessibilite.numerique.gouv.fr\/obligations\/schema-pluriannuel\/?utm_source=chatgpt.com\" target=\"_blank\" rel=\"noopener\" alt=\"https:\/\/accessibilite.numerique.gouv.fr\/obligations\/schema-pluriannuel\/?utm_source=chatgpt.com\" class=\"flex h-4.5 overflow-hidden rounded-xl px-2 text-[9px] font-medium transition-colors duration-150 ease-in-out text-token-text-secondary! bg-[#F4F4F4]! dark:bg-[#303030]!\"><span class=\"relative start-0 bottom-0 flex h-full w-full items-center\"><span class=\"flex h-4 w-full items-center justify-between absolute\"><span class=\"max-w-[15ch] grow truncate overflow-hidden text-center\">\u00cele-de-France<\/span><span class=\"-me-1 flex h-full items-center rounded-full px-1 text-[#8F8F8F]\">+3<\/span><\/span><span class=\"flex h-4 w-full items-center justify-between\"><span class=\"max-w-[15ch] grow truncate overflow-hidden text-center\">Accessibilit\u00e9 Num\u00e9rique<\/span><span class=\"-me-1 flex h-full items-center rounded-full px-1 text-[#8F8F8F]\">+3<\/span><\/span><span class=\"flex h-4 w-full items-center justify-between absolute\"><span class=\"max-w-[15ch] grow truncate overflow-hidden text-center\">Minist\u00e8re de l&rsquo;\u00c9conomie<\/span><span class=\"-me-1 flex h-full items-center rounded-full px-1 text-[#8F8F8F]\">+3<\/span><\/span><\/span><\/a><\/span><\/span><\/td>\n<\/tr>\n<\/tbody>\n<\/table>\n<\/div>\n<div>\n<table>\n<tbody>\n<tr data-start=\"4443\" data-end=\"4639\">\n<td data-start=\"4443\" data-end=\"4489\" data-col-size=\"md\"><strong data-start=\"4445\" data-end=\"4488\">Indicateurs de suivi \/ tableaux de bord<\/strong><\/td>\n<td data-start=\"4489\" data-end=\"4593\" data-col-size=\"lg\">pour mesurer les progr\u00e8s (ex. % de conformit\u00e9 RGAA, nombre d\u2019audits r\u00e9alis\u00e9s, nombre d\u2019agents form\u00e9s)<\/td>\n<td data-start=\"4593\" data-end=\"4639\" data-col-size=\"lg\">indispensables pour ajuster la trajectoire<\/td>\n<\/tr>\n<\/tbody>\n<\/table>\n<\/div>\n<div>\n<table>\n<tbody>\n<tr data-start=\"4640\" data-end=\"4880\">\n<td data-start=\"4640\" data-end=\"4665\" data-col-size=\"md\"><strong data-start=\"4642\" data-end=\"4664\">Bilans \/ reporting<\/strong><\/td>\n<td data-start=\"4665\" data-end=\"4761\" data-col-size=\"lg\">rapport sur ce qui a \u00e9t\u00e9 r\u00e9alis\u00e9, les \u00e9carts par rapport au plan, les le\u00e7ons, les ajustements<\/td>\n<td data-start=\"4761\" data-end=\"4880\" data-col-size=\"lg\">le sch\u00e9ma mentionne souvent que chaque plan annuel fera l\u2019objet d\u2019un bilan. <span class=\"\" data-state=\"closed\"><span class=\"ms-1 inline-flex max-w-full items-center relative top-[-0.094rem] animate-[show_150ms_ease-in]\" data-testid=\"webpage-citation-pill\"><a href=\"https:\/\/design.numerique.gouv.fr\/accessibilite-numerique\/schema-pluriannuel\/?utm_source=chatgpt.com\" target=\"_blank\" rel=\"noopener\" alt=\"https:\/\/design.numerique.gouv.fr\/accessibilite-numerique\/schema-pluriannuel\/?utm_source=chatgpt.com\" class=\"flex h-4.5 overflow-hidden rounded-xl px-2 text-[9px] font-medium transition-colors duration-150 ease-in-out text-token-text-secondary! bg-[#F4F4F4]! dark:bg-[#303030]!\"><span class=\"relative start-0 bottom-0 flex h-full w-full items-center\"><span class=\"flex h-4 w-full items-center justify-between\"><span class=\"max-w-[15ch] grow truncate overflow-hidden text-center\">design.numerique.gouv.fr<\/span><span class=\"-me-1 flex h-full items-center rounded-full px-1 text-[#8F8F8F]\">+2<\/span><\/span><span class=\"flex h-4 w-full items-center justify-between absolute\"><span class=\"max-w-[15ch] grow truncate overflow-hidden text-center\">CNSA<\/span><span class=\"-me-1 flex h-full items-center rounded-full px-1 text-[#8F8F8F]\">+2<\/span><\/span><\/span><\/a><\/span><\/span><\/td>\n<\/tr>\n<\/tbody>\n<\/table>\n<\/div>\n<div>\n<table>\n<tbody>\n<tr data-start=\"4881\" data-end=\"5165\">\n<td data-start=\"4881\" data-end=\"4958\" data-col-size=\"md\"><strong data-start=\"4883\" data-end=\"4957\">Mesures d\u2019accessibilit\u00e9 non obligatoires \/ initiatives compl\u00e9mentaires<\/strong><\/td>\n<td data-start=\"4958\" data-end=\"5075\" data-col-size=\"lg\">par exemple : vid\u00e9os en langue des signes, versions simplifi\u00e9es, niveaux AAA, innovations au-del\u00e0 du minimum l\u00e9gal<\/td>\n<td data-start=\"5075\" data-end=\"5165\" data-col-size=\"lg\">mentionn\u00e9 dans les sch\u00e9mas pluriannuels types. <span class=\"\" data-state=\"closed\"><span class=\"ms-1 inline-flex max-w-full items-center relative top-[-0.094rem] animate-[show_150ms_ease-in]\" data-testid=\"webpage-citation-pill\"><a href=\"https:\/\/design.numerique.gouv.fr\/accessibilite-numerique\/schema-pluriannuel\/?utm_source=chatgpt.com\" target=\"_blank\" rel=\"noopener\" alt=\"https:\/\/design.numerique.gouv.fr\/accessibilite-numerique\/schema-pluriannuel\/?utm_source=chatgpt.com\" class=\"flex h-4.5 overflow-hidden rounded-xl px-2 text-[9px] font-medium transition-colors duration-150 ease-in-out text-token-text-secondary! bg-[#F4F4F4]! dark:bg-[#303030]!\"><span class=\"relative start-0 bottom-0 flex h-full w-full items-center\"><span class=\"flex h-4 w-full items-center justify-between\"><span class=\"max-w-[15ch] grow truncate overflow-hidden text-center\">design.numerique.gouv.fr<\/span><span class=\"-me-1 flex h-full items-center rounded-full px-1 text-[#8F8F8F]\">+1<\/span><\/span><\/span><\/a><\/span><\/span><\/td>\n<\/tr>\n<\/tbody>\n<\/table>\n<\/div>\n<div>\n<table>\n<tbody>\n<tr data-start=\"5166\" data-end=\"5423\">\n<td data-start=\"5166\" data-end=\"5180\" data-col-size=\"md\"><strong data-start=\"5168\" data-end=\"5179\">Annexes<\/strong><\/td>\n<td data-start=\"5180\" data-end=\"5305\" data-col-size=\"lg\">d\u00e9taillants, p\u00e9rim\u00e8tres, lexique, rapports d\u2019audit, calendrier d\u00e9taill\u00e9, liste des sites \/ applications, formulaires, etc.<\/td>\n<td data-start=\"5305\" data-end=\"5423\" data-col-size=\"lg\">les exemples de minist\u00e8res\/juridiques s\u2019appuient beaucoup sur les annexes. <span class=\"\" data-state=\"closed\"><span class=\"ms-1 inline-flex max-w-full items-center relative top-[-0.094rem] animate-[show_150ms_ease-in]\" data-testid=\"webpage-citation-pill\"><a href=\"https:\/\/www.economie.gouv.fr\/files\/files\/accessibilite\/MEFSIN-SG_SIRCOM_accessibilite_schema_pluriannuel_2024-2027_v1.0.pdf?utm_source=chatgpt.com\" target=\"_blank\" rel=\"noopener\" alt=\"https:\/\/www.economie.gouv.fr\/files\/files\/accessibilite\/MEFSIN-SG_SIRCOM_accessibilite_schema_pluriannuel_2024-2027_v1.0.pdf?utm_source=chatgpt.com\" class=\"flex h-4.5 overflow-hidden rounded-xl px-2 text-[9px] font-medium transition-colors duration-150 ease-in-out text-token-text-secondary! bg-[#F4F4F4]! dark:bg-[#303030]!\"><span class=\"relative start-0 bottom-0 flex h-full w-full items-center\"><span class=\"flex h-4 w-full items-center justify-between\"><span class=\"max-w-[15ch] grow truncate overflow-hidden text-center\">Minist\u00e8re de l&rsquo;\u00c9conomie<\/span><span class=\"-me-1 flex h-full items-center rounded-full px-1 text-[#8F8F8F]\">+1<\/span><\/span><\/span><\/a><\/span><\/span><\/td>\n<\/tr>\n<\/tbody>\n<\/table>\n<\/div>\n<p>&nbsp;<\/p>\n<p>[\/et_pb_text][\/et_pb_column][\/et_pb_row][et_pb_row _builder_version=\u00a0\u00bb4.27.4&Prime; _module_preset=\u00a0\u00bbdefault\u00a0\u00bb column_structure=\u00a0\u00bb1_2,1_2&Prime; theme_builder_area=\u00a0\u00bbpost_content\u00a0\u00bb hover_enabled=\u00a0\u00bb0&Prime; sticky_enabled=\u00a0\u00bb0&Prime; custom_padding=\u00a0\u00bb||0px||false|false\u00a0\u00bb custom_margin=\u00a0\u00bb||0px||false|false\u00a0\u00bb][et_pb_column _builder_version=\u00a0\u00bb4.27.4&Prime; _module_preset=\u00a0\u00bbdefault\u00a0\u00bb type=\u00a0\u00bb1_2&Prime; theme_builder_area=\u00a0\u00bbpost_content\u00a0\u00bb][et_pb_text _builder_version=\u00a0\u00bb4.27.4&Prime; _module_preset=\u00a0\u00bbdefault\u00a0\u00bb theme_builder_area=\u00a0\u00bbpost_content\u00a0\u00bb hover_enabled=\u00a0\u00bb0&Prime; sticky_enabled=\u00a0\u00bb0&Prime;]<\/p>\n<h2 data-start=\"5430\" data-end=\"5482\">Comment construire ce sch\u00e9ma : d\u00e9marche &amp; m\u00e9thode<\/h2>\n<ul>\n<ol>\n<li data-start=\"5546\" data-end=\"5580\"><strong data-start=\"5546\" data-end=\"5580\">Phase de cadrage \/ gouvernance<\/strong><\/li>\n<\/ol>\n<li>Nommer un pilote \/ r\u00e9f\u00e9rent accessibilit\u00e9 num\u00e9rique.<\/li>\n<li>D\u00e9finir les r\u00f4les, les instances de d\u00e9cision, les ressources pr\u00e9liminaires.<\/li>\n<\/ul>\n<\/li>\n<p>[\/et_pb_text][\/et_pb_column][et_pb_column _builder_version=\u00a0\u00bb4.27.4&Prime; _module_preset=\u00a0\u00bbdefault\u00a0\u00bb type=\u00a0\u00bb1_2&Prime; theme_builder_area=\u00a0\u00bbpost_content\u00a0\u00bb][et_pb_image src=\u00a0\u00bbhttps:\/\/www.logicfactory.fr\/wp-content\/uploads\/2025\/10\/Depositphotos_819467778_XL-scaled.jpg\u00a0\u00bb _builder_version=\u00a0\u00bb4.27.4&Prime; _module_preset=\u00a0\u00bbdefault\u00a0\u00bb theme_builder_area=\u00a0\u00bbpost_content\u00a0\u00bb title_text=\u00a0\u00bbIndividual in wheelchair working at a desk with computer in a spacious modern office environment featuring bright colors and geometric shapes, emphasizing accessibility and innovation\u00a0\u00bb hover_enabled=\u00a0\u00bb0&Prime; sticky_enabled=\u00a0\u00bb0&Prime; custom_margin=\u00a0\u00bb0px||||false|false\u00a0\u00bb][\/et_pb_image][\/et_pb_column][\/et_pb_row][et_pb_row _builder_version=\u00a0\u00bb4.27.4&Prime; _module_preset=\u00a0\u00bbdefault\u00a0\u00bb theme_builder_area=\u00a0\u00bbpost_content\u00a0\u00bb custom_padding=\u00a0\u00bb0px||0px||false|false\u00a0\u00bb hover_enabled=\u00a0\u00bb0&Prime; sticky_enabled=\u00a0\u00bb0&Prime; custom_margin=\u00a0\u00bb||0px||false|false\u00a0\u00bb][et_pb_column _builder_version=\u00a0\u00bb4.27.4&Prime; _module_preset=\u00a0\u00bbdefault\u00a0\u00bb type=\u00a0\u00bb4_4&Prime; theme_builder_area=\u00a0\u00bbpost_content\u00a0\u00bb][et_pb_text _builder_version=\u00a0\u00bb4.27.4&Prime; _module_preset=\u00a0\u00bbdefault\u00a0\u00bb theme_builder_area=\u00a0\u00bbpost_content\u00a0\u00bb hover_enabled=\u00a0\u00bb0&Prime; sticky_enabled=\u00a0\u00bb0&Prime;]<\/p>\n<ol>\n<li style=\"list-style-type: none;\">\n<ul>\n<li>Identifier les parties prenantes internes (DSI, communication, juridique, \u00e9ditorial, UX, dev) et externes (associations, utilisateurs, prestataires).\n<\/li>\n<\/ul>\n<\/li>\n<li data-start=\"5885\" data-end=\"5938\"><strong data-start=\"5885\" data-end=\"5938\">Inventaire \/ cartographie du patrimoine num\u00e9rique<\/strong>\n<ul data-start=\"5942\" data-end=\"6350\">\n<li data-start=\"5942\" data-end=\"6118\">\n<p data-start=\"5944\" data-end=\"6118\">Lister tous les sites web (externes, intranet, extranet), applications mobiles, outils internes, services publics num\u00e9riques, supports accessibles (PDF, documents, vid\u00e9os).<\/p>\n<\/li>\n<li data-start=\"6122\" data-end=\"6254\">\n<p data-start=\"6124\" data-end=\"6254\">Pour chaque \u00e9l\u00e9ment : usage, fr\u00e9quentation, criticit\u00e9, date de refonte pr\u00e9vue, technologies, niveau de risque d\u2019inaccessibilit\u00e9.<\/p>\n<\/li>\n<li data-start=\"6258\" data-end=\"6350\">\n<p data-start=\"6260\" data-end=\"6350\">Hi\u00e9rarchiser selon priorit\u00e9 (ce qui touche le plus de monde, ce qui est le plus critique).<\/p>\n<\/li>\n<\/ul>\n<\/li>\n<li><strong data-start=\"6355\" data-end=\"6378\">Diagnostic \/ audits<\/strong>\n<ul data-start=\"6382\" data-end=\"6685\">\n<li data-start=\"6382\" data-end=\"6486\">\n<p data-start=\"6384\" data-end=\"6486\">R\u00e9aliser des audits de conformit\u00e9 (internes ou externes) selon le RGAA ou standards d\u2019accessibilit\u00e9.<\/p>\n<\/li>\n<li data-start=\"6490\" data-end=\"6599\">\n<p data-start=\"6492\" data-end=\"6599\">Tester via des utilisateurs en situation de handicap, simulations, outils automatis\u00e9s, contr\u00f4les manuels.<\/p>\n<\/li>\n<li data-start=\"6603\" data-end=\"6685\">\n<p data-start=\"6605\" data-end=\"6685\">Documenter les non-conformit\u00e9s, les \u00e9carts, les risques, l\u2019impact utilisateur.<\/p>\n<\/li>\n<\/ul>\n<\/li>\n<li data-start=\"6690\" data-end=\"6736\"><strong data-start=\"6690\" data-end=\"6736\">D\u00e9finir les axes strat\u00e9giques et priorit\u00e9s<\/strong>\n<ul data-start=\"6740\" data-end=\"7148\">\n<li data-start=\"6740\" data-end=\"6878\">\n<p data-start=\"6742\" data-end=\"6878\">En fonction du diagnostic, d\u00e9finir les grands th\u00e8mes sur lesquels on va agir (technique, contenus, processus, formation, gouvernance).<\/p>\n<\/li>\n<li data-start=\"6882\" data-end=\"7043\">\n<p data-start=\"6884\" data-end=\"7043\">Fixer des objectifs : par exemple \u00ab atteindre 90 % de conformit\u00e9 A + AA sur le site principal d\u2019ici \u00e0 la fin du sch\u00e9ma \u00bb, ou \u00ab former 100 % des r\u00e9dacteurs \u00bb.<\/p>\n<\/li>\n<li data-start=\"7047\" data-end=\"7148\">\n<p data-start=\"7049\" data-end=\"7148\">Choisir les priorit\u00e9s : ce qu\u2019on traitera en 1\u00e8re ann\u00e9e, en 2e, en 3e selon impact, effort, budget.<\/p>\n<\/li>\n<\/ul>\n<\/li>\n<li data-start=\"7153\" data-end=\"7187\"><strong data-start=\"7153\" data-end=\"7187\">Plan pluriannuel &amp; plan annuel<\/strong>\n<ul data-start=\"7191\" data-end=\"7506\">\n<li data-start=\"7191\" data-end=\"7341\">\n<p data-start=\"7193\" data-end=\"7341\">Pour chaque ann\u00e9e, pr\u00e9voir les actions op\u00e9rationnelles (corriger les non-conformit\u00e9s, refonte partielle, formation, mise en place d\u2019outils, etc.).<\/p>\n<\/li>\n<li data-start=\"7345\" data-end=\"7429\">\n<p data-start=\"7347\" data-end=\"7429\">Pour chaque action : responsable, budget estim\u00e9, indicateur de succ\u00e8s, \u00e9ch\u00e9ance.<\/p>\n<\/li>\n<li data-start=\"7433\" data-end=\"7506\">\n<p data-start=\"7435\" data-end=\"7506\">Toujours lier \u00e7a au plan global (ne pas faire d\u2019actions \u00ab isol\u00e9es \u00bb).<\/p>\n<\/li>\n<\/ul>\n<\/li>\n<li data-start=\"7511\" data-end=\"7543\"><strong data-start=\"7511\" data-end=\"7543\">Indicateurs, suivi, pilotage<\/strong>\n<ul data-start=\"7547\" data-end=\"7886\">\n<li data-start=\"7547\" data-end=\"7666\">\n<p data-start=\"7549\" data-end=\"7666\">D\u00e9finir des indicateurs clairs : taux de conformit\u00e9, nombre d\u2019actions r\u00e9alis\u00e9es, retard, satisfaction utilisateurs.<\/p>\n<\/li>\n<li data-start=\"7670\" data-end=\"7762\">\n<p data-start=\"7672\" data-end=\"7762\">Mettre en place un tableau de bord de suivi r\u00e9gulier (mensuel\/trimestriel selon besoin).<\/p>\n<\/li>\n<li data-start=\"7766\" data-end=\"7886\">\n<p data-start=\"7768\" data-end=\"7886\">Faire des revues p\u00e9riodiques, ajuster le plan si besoin (r\u00e9orientation si certaines actions prennent plus de temps).<\/p>\n<\/li>\n<\/ul>\n<\/li>\n<li data-start=\"7891\" data-end=\"7925\"><strong data-start=\"7891\" data-end=\"7925\">Bilan \/ reporting \/ ajustement<\/strong>\n<ul data-start=\"7929\" data-end=\"8229\">\n<li data-start=\"7929\" data-end=\"8042\">\n<p data-start=\"7931\" data-end=\"8042\">\u00c0 la fin de chaque ann\u00e9e, produire un bilan (qu\u2019est-ce qui a \u00e9t\u00e9 fait, ce qui reste, les \u00e9carts, les succ\u00e8s).<\/p>\n<\/li>\n<li data-start=\"8046\" data-end=\"8130\">\n<p data-start=\"8048\" data-end=\"8130\">Mettre \u00e0 jour le sch\u00e9ma si des impr\u00e9vus ou des priorit\u00e9s nouvelles apparaissent.<\/p>\n<\/li>\n<li data-start=\"8134\" data-end=\"8229\">\n<p data-start=\"8136\" data-end=\"8229\">Publier les r\u00e9sultats (souvent exig\u00e9 pour les entit\u00e9s publiques) dans un format accessible.<\/p>\n<\/li>\n<\/ul>\n<\/li>\n<li data-start=\"8234\" data-end=\"8265\"><strong data-start=\"8234\" data-end=\"8265\">Communication &amp; implication<\/strong><\/li>\n<li style=\"list-style-type: none;\">\n<ul data-start=\"8269\" data-end=\"8514\">\n<li data-start=\"8269\" data-end=\"8341\">\n<p data-start=\"8271\" data-end=\"8341\">Assurer la visibilit\u00e9 du sch\u00e9ma et des actions (interne et externe).<\/p>\n<\/li>\n<li data-start=\"8345\" data-end=\"8434\">\n<p data-start=\"8347\" data-end=\"8434\">Sensibiliser \/ former les agents, les prestataires, les r\u00e9dacteurs, les d\u00e9veloppeurs.<\/p>\n<\/li>\n<li data-start=\"8438\" data-end=\"8514\">\n<p data-start=\"8440\" data-end=\"8514\">G\u00e9rer les retours \/ signalements d\u2019inaccessibilit\u00e9 par les utilisateurs.<\/p>\n<\/li>\n<\/ul>\n<\/li>\n<\/ol>\n<p>[\/et_pb_text][\/et_pb_column][\/et_pb_row][et_pb_row _builder_version=\u00a0\u00bb4.27.4&Prime; _module_preset=\u00a0\u00bbdefault\u00a0\u00bb column_structure=\u00a0\u00bb1_2,1_2&Prime; theme_builder_area=\u00a0\u00bbpost_content\u00a0\u00bb custom_margin=\u00a0\u00bb0px||0px||false|false\u00a0\u00bb custom_padding=\u00a0\u00bb0px||0px||false|false\u00a0\u00bb hover_enabled=\u00a0\u00bb0&Prime; sticky_enabled=\u00a0\u00bb0&Prime;][et_pb_column _builder_version=\u00a0\u00bb4.27.4&Prime; _module_preset=\u00a0\u00bbdefault\u00a0\u00bb type=\u00a0\u00bb1_2&Prime; theme_builder_area=\u00a0\u00bbpost_content\u00a0\u00bb][et_pb_image src=\u00a0\u00bbhttps:\/\/www.logicfactory.fr\/wp-content\/uploads\/2025\/10\/accessibilite-numerique.jpg\u00a0\u00bb _builder_version=\u00a0\u00bb4.27.4&Prime; _module_preset=\u00a0\u00bbdefault\u00a0\u00bb theme_builder_area=\u00a0\u00bbpost_content\u00a0\u00bb title_text=\u00a0\u00bbBusiness Data Analysis Technologies Vector Concept\u00a0\u00bb hover_enabled=\u00a0\u00bb0&Prime; sticky_enabled=\u00a0\u00bb0&Prime;][\/et_pb_image][\/et_pb_column][et_pb_column _builder_version=\u00a0\u00bb4.27.4&Prime; _module_preset=\u00a0\u00bbdefault\u00a0\u00bb type=\u00a0\u00bb1_2&Prime; theme_builder_area=\u00a0\u00bbpost_content\u00a0\u00bb][et_pb_text _builder_version=\u00a0\u00bb4.27.4&Prime; _module_preset=\u00a0\u00bbdefault\u00a0\u00bb theme_builder_area=\u00a0\u00bbpost_content\u00a0\u00bb hover_enabled=\u00a0\u00bb0&Prime; sticky_enabled=\u00a0\u00bb0&Prime;]<\/p>\n<h2>O\u00f9 trouver les \u00e9l\u00e9ments \/ sources pour construire ton sch\u00e9ma<\/h2>\n<ul>\n<li>\u00c9tudier des sch\u00e9mas pluriannuels existants (exemples publics) pour t\u2019inspirer des rubriques, du plan et de la structure. Par exemple :<br \/>\u2022 \u201cSch\u00e9ma pluriannuel d\u2019accessibilit\u00e9 num\u00e9rique (SPAN) 2024-2027\u201d du minist\u00e8re des finances.<br \/>Minist\u00e8re de l&rsquo;\u00c9conomie<\/li>\n<\/ul>\n<p>[\/et_pb_text][\/et_pb_column][\/et_pb_row][et_pb_row _builder_version=\u00a0\u00bb4.27.4&Prime; _module_preset=\u00a0\u00bbdefault\u00a0\u00bb theme_builder_area=\u00a0\u00bbpost_content\u00a0\u00bb][et_pb_column _builder_version=\u00a0\u00bb4.27.4&Prime; _module_preset=\u00a0\u00bbdefault\u00a0\u00bb type=\u00a0\u00bb4_4&Prime; theme_builder_area=\u00a0\u00bbpost_content\u00a0\u00bb][et_pb_text _builder_version=\u00a0\u00bb4.27.4&Prime; _module_preset=\u00a0\u00bbdefault\u00a0\u00bb theme_builder_area=\u00a0\u00bbpost_content\u00a0\u00bb hover_enabled=\u00a0\u00bb0&Prime; sticky_enabled=\u00a0\u00bb0&Prime;]<\/p>\n<p style=\"padding-left: 40px;\">\u2022 Sch\u00e9ma 2025-2027 de la DICOM. <span class=\"\" data-state=\"closed\"><span class=\"ms-1 inline-flex max-w-full items-center relative top-[-0.094rem] animate-[show_150ms_ease-in]\" data-testid=\"webpage-citation-pill\"><a href=\"https:\/\/www.ecologie.gouv.fr\/schema-pluriannuel-daccessibilite-numerique-2025-2027?utm_source=chatgpt.com\" target=\"_blank\" rel=\"noopener\" alt=\"https:\/\/www.ecologie.gouv.fr\/schema-pluriannuel-daccessibilite-numerique-2025-2027?utm_source=chatgpt.com\" class=\"flex h-4.5 overflow-hidden rounded-xl px-2 text-[9px] font-medium transition-colors duration-150 ease-in-out text-token-text-secondary! bg-[#F4F4F4]! dark:bg-[#303030]!\"><span class=\"relative start-0 bottom-0 flex h-full w-full items-center\"><span class=\"flex h-4 w-full items-center justify-between overflow-hidden\"><span class=\"max-w-[15ch] grow truncate overflow-hidden text-center\">Minist\u00e8re de la Transition \u00c9cologique<\/span><\/span><\/span><\/a><\/span><\/span><br data-start=\"8939\" data-end=\"8942\" \/>\u2022 Exemple de l\u2019\u00cele-de-France (2024-2026). <span class=\"\" data-state=\"closed\"><span class=\"ms-1 inline-flex max-w-full items-center relative top-[-0.094rem] animate-[show_150ms_ease-in]\" data-testid=\"webpage-citation-pill\"><a href=\"https:\/\/www.iledefrance.fr\/schema-pluriannuel-daccessibilite-numerique-2024-2026?utm_source=chatgpt.com\" target=\"_blank\" rel=\"noopener\" alt=\"https:\/\/www.iledefrance.fr\/schema-pluriannuel-daccessibilite-numerique-2024-2026?utm_source=chatgpt.com\" class=\"flex h-4.5 overflow-hidden rounded-xl px-2 text-[9px] font-medium transition-colors duration-150 ease-in-out text-token-text-secondary! bg-[#F4F4F4]! dark:bg-[#303030]!\"><span class=\"relative start-0 bottom-0 flex h-full w-full items-center\"><span class=\"flex h-4 w-full items-center justify-between overflow-hidden\"><span class=\"max-w-[15ch] grow truncate overflow-hidden text-center\">\u00cele-de-France<\/span><\/span><\/span><\/a><\/span><\/span><br data-start=\"9025\" data-end=\"9028\" \/>\u2022 Celui de l\u2019AFNOR 2025-2027. <span class=\"\" data-state=\"closed\"><span class=\"ms-1 inline-flex max-w-full items-center relative top-[-0.094rem] animate-[show_150ms_ease-in]\" data-testid=\"webpage-citation-pill\"><a href=\"https:\/\/www.afnor.org\/accessibilite\/schema-pluriannuel-accessibilite-numerique\/?utm_source=chatgpt.com\" target=\"_blank\" rel=\"noopener\" alt=\"https:\/\/www.afnor.org\/accessibilite\/schema-pluriannuel-accessibilite-numerique\/?utm_source=chatgpt.com\" class=\"flex h-4.5 overflow-hidden rounded-xl px-2 text-[9px] font-medium transition-colors duration-150 ease-in-out text-token-text-secondary! bg-[#F4F4F4]! dark:bg-[#303030]!\"><span class=\"relative start-0 bottom-0 flex h-full w-full items-center\"><span class=\"flex h-4 w-full items-center justify-between overflow-hidden\"><span class=\"max-w-[15ch] grow truncate overflow-hidden text-center\">Groupe AFNOR<\/span><\/span><\/span><\/a><\/span><\/span><br data-start=\"9099\" data-end=\"9102\" \/>\u2022 Sch\u00e9ma de la CNIL. <span class=\"\" data-state=\"closed\"><span class=\"ms-1 inline-flex max-w-full items-center relative top-[-0.094rem] animate-[show_150ms_ease-in]\" data-testid=\"webpage-citation-pill\"><a href=\"https:\/\/www.cnil.fr\/sites\/cnil\/files\/2025-03\/cnil_schema_d_accessibilite_2025-2027.pdf?utm_source=chatgpt.com\" target=\"_blank\" rel=\"noopener\" alt=\"https:\/\/www.cnil.fr\/sites\/cnil\/files\/2025-03\/cnil_schema_d_accessibilite_2025-2027.pdf?utm_source=chatgpt.com\" class=\"flex h-4.5 overflow-hidden rounded-xl px-2 text-[9px] font-medium transition-colors duration-150 ease-in-out text-token-text-secondary! bg-[#F4F4F4]! dark:bg-[#303030]!\"><span class=\"relative start-0 bottom-0 flex h-full w-full items-center\"><span class=\"flex h-4 w-full items-center justify-between overflow-hidden\"><span class=\"max-w-[15ch] grow truncate overflow-hidden text-center\">CNIL<\/span><\/span><\/span><\/a><\/span><\/span><\/p>\n<ul>\n<li data-start=\"9170\" data-end=\"9326\">Le site <strong data-start=\"9178\" data-end=\"9192\">DesignGouv<\/strong> sur le sch\u00e9ma pluriannuel d\u2019accessibilit\u00e9 num\u00e9rique, qui propose les \u00e9l\u00e9ments obligatoires. <span class=\"\" data-state=\"closed\"><span class=\"ms-1 inline-flex max-w-full items-center relative top-[-0.094rem] animate-[show_150ms_ease-in]\" data-testid=\"webpage-citation-pill\"><a href=\"https:\/\/design.numerique.gouv.fr\/accessibilite-numerique\/schema-pluriannuel\/?utm_source=chatgpt.com\" target=\"_blank\" rel=\"noopener\" alt=\"https:\/\/design.numerique.gouv.fr\/accessibilite-numerique\/schema-pluriannuel\/?utm_source=chatgpt.com\" class=\"flex h-4.5 overflow-hidden rounded-xl px-2 text-[9px] font-medium transition-colors duration-150 ease-in-out text-token-text-secondary! bg-[#F4F4F4]! dark:bg-[#303030]!\"><span class=\"relative start-0 bottom-0 flex h-full w-full items-center\"><span class=\"flex h-4 w-full items-center justify-between overflow-hidden\"><span class=\"max-w-[15ch] grow truncate overflow-hidden text-center\">design.numerique.gouv.fr<\/span><\/span><\/span><\/a><\/span><\/span><\/li>\n<li data-start=\"9329\" data-end=\"9437\">Le site officiel RGAA \/ obligations sur l\u2019accessibilit\u00e9 num\u00e9rique. <span class=\"\" data-state=\"closed\"><span class=\"ms-1 inline-flex max-w-full items-center relative top-[-0.094rem] animate-[show_150ms_ease-in]\" data-testid=\"webpage-citation-pill\"><a href=\"https:\/\/accessibilite.numerique.gouv.fr\/obligations\/schema-pluriannuel\/?utm_source=chatgpt.com\" target=\"_blank\" rel=\"noopener\" alt=\"https:\/\/accessibilite.numerique.gouv.fr\/obligations\/schema-pluriannuel\/?utm_source=chatgpt.com\" class=\"flex h-4.5 overflow-hidden rounded-xl px-2 text-[9px] font-medium transition-colors duration-150 ease-in-out text-token-text-secondary! bg-[#F4F4F4]! dark:bg-[#303030]!\"><span class=\"relative start-0 bottom-0 flex h-full w-full items-center\"><span class=\"flex h-4 w-full items-center justify-between\"><span class=\"max-w-[15ch] grow truncate overflow-hidden text-center\">Accessibilit\u00e9 Num\u00e9rique<\/span><span class=\"-me-1 flex h-full items-center rounded-full px-1 text-[#8F8F8F]\">+1<\/span><\/span><\/span><\/a><\/span><\/span><\/li>\n<li data-start=\"9440\" data-end=\"9531\">Normes et r\u00e9f\u00e9rentiels (RGAA, WCAG, etc.) pour d\u00e9cider ce qui est techniquement \u00e0 exiger.<\/li>\n<li data-start=\"9532\" data-end=\"9605\">\n<p data-start=\"9534\" data-end=\"9605\">Retours d\u2019exp\u00e9rience d\u2019organismes publics ou priv\u00e9s (audit, rapports)<\/p>\n<\/li>\n<li data-start=\"9606\" data-end=\"9783\">\n<p data-start=\"9608\" data-end=\"9783\">Entretiens \/ ateliers internes avec les acteurs num\u00e9riques de ton organisation (DSI, communication, d\u00e9veloppeurs) pour recueillir les besoins, les contraintes, les volont\u00e9s.<\/p>\n<\/li>\n<li data-start=\"9784\" data-end=\"9946\">\n<p data-start=\"9786\" data-end=\"9946\">Benchmark \/ veille sur les innovations ou bonnes pratiques d\u2019accessibilit\u00e9 (ex. contenus en langue des signes, descriptions d\u2019images riches, usages adaptatifs).<\/p>\n<\/li>\n<\/ul>\n<h2 data-start=\"9953\" data-end=\"10008\">Pi\u00e8ges &amp; astuces<\/h2>\n<ul data-start=\"10010\" data-end=\"10783\">\n<li data-start=\"10010\" data-end=\"10123\">\n<p data-start=\"10012\" data-end=\"10123\">Ne pas chercher \u00e0 tout faire en 1\u00e8re ann\u00e9e. Trop d\u2019actions =&gt; \u00e9chec. Prioriser ce qui apporte le plus d\u2019impact.<\/p>\n<\/li>\n<li data-start=\"10124\" data-end=\"10200\">\n<p data-start=\"10126\" data-end=\"10200\">Etre r\u00e9aliste avec les budgets et les ressources (internes et externes).<\/p>\n<\/li>\n<li data-start=\"10201\" data-end=\"10331\">\n<p data-start=\"10203\" data-end=\"10331\">L\u2019accessibilit\u00e9 n\u2019est pas \u00ab un plus \u00bb : elle doit \u00eatre int\u00e9gr\u00e9e d\u00e8s la conception de nouveaux projets, pas trait\u00e9e apr\u00e8s coup.<\/p>\n<\/li>\n<li data-start=\"10332\" data-end=\"10431\">\n<p data-start=\"10334\" data-end=\"10431\">Attention \u00e0 la gouvernance : si le r\u00e9f\u00e9rent n\u2019a pas de pouvoir, le sch\u00e9ma restera lettre morte.<\/p>\n<\/li>\n<li data-start=\"10432\" data-end=\"10532\">\n<p data-start=\"10434\" data-end=\"10532\">Int\u00e8grer les retours des utilisateurs en situation de handicap d\u00e8s le d\u00e9but (tests utilisateurs).<\/p>\n<\/li>\n<li data-start=\"10533\" data-end=\"10634\">\n<p data-start=\"10535\" data-end=\"10634\">Mettre \u00e0 jour le sch\u00e9ma si des impr\u00e9vus surgissent (nouveau site, refonte, changements techniques).<\/p>\n<\/li>\n<li data-start=\"10635\" data-end=\"10783\">\n<p data-start=\"10637\" data-end=\"10783\">Veiller \u00e0 ce que le document lui-m\u00eame (le sch\u00e9ma et les plans) soit publi\u00e9 dans un format accessible (PDF accessible, page web accessible, etc.).<\/p>\n<\/li>\n<\/ul>\n<p>[\/et_pb_text][\/et_pb_column][\/et_pb_row][\/et_pb_section]<\/p>\n","protected":false},"excerpt":{"rendered":"<p>Qu\u2019est-ce qu\u2019un sch\u00e9ma pluriannuel d\u2019accessibilit\u00e9 num\u00e9rique ? C\u2019est un document strat\u00e9gique sur plusieurs ann\u00e9es (g\u00e9n\u00e9ralement 3 ans max en France) qui pr\u00e9sente : la politique de l\u2019entit\u00e9 (publique ou priv\u00e9e) en mati\u00e8re d\u2019accessibilit\u00e9 num\u00e9rique ; les moyens (humains, financiers, outils) affect\u00e9s \u00e0 cette politique ; les actions \u00e0 mener pour rendre accessible l\u2019\u00e9cosyst\u00e8me num\u00e9rique (sites, [&hellip;]<\/p>\n","protected":false},"author":1,"featured_media":0,"comment_status":"open","ping_status":"open","sticky":false,"template":"","format":"standard","meta":{"_et_pb_use_builder":"on","_et_pb_old_content":"","_et_gb_content_width":"","footnotes":""},"categories":[10,6,8],"tags":[17,18,16],"class_list":["post-979","post","type-post","status-publish","format-standard","hentry","category-accessibilite-numerique","category-articles-de-blog","category-informatique-est-ma-passion","tag-accessibilite-numerique","tag-rgaa","tag-schema-pluriannuel"],"_links":{"self":[{"href":"https:\/\/www.logicfactory.fr\/index.php\/wp-json\/wp\/v2\/posts\/979","targetHints":{"allow":["GET"]}}],"collection":[{"href":"https:\/\/www.logicfactory.fr\/index.php\/wp-json\/wp\/v2\/posts"}],"about":[{"href":"https:\/\/www.logicfactory.fr\/index.php\/wp-json\/wp\/v2\/types\/post"}],"author":[{"embeddable":true,"href":"https:\/\/www.logicfactory.fr\/index.php\/wp-json\/wp\/v2\/users\/1"}],"replies":[{"embeddable":true,"href":"https:\/\/www.logicfactory.fr\/index.php\/wp-json\/wp\/v2\/comments?post=979"}],"version-history":[{"count":2,"href":"https:\/\/www.logicfactory.fr\/index.php\/wp-json\/wp\/v2\/posts\/979\/revisions"}],"predecessor-version":[{"id":985,"href":"https:\/\/www.logicfactory.fr\/index.php\/wp-json\/wp\/v2\/posts\/979\/revisions\/985"}],"wp:attachment":[{"href":"https:\/\/www.logicfactory.fr\/index.php\/wp-json\/wp\/v2\/media?parent=979"}],"wp:term":[{"taxonomy":"category","embeddable":true,"href":"https:\/\/www.logicfactory.fr\/index.php\/wp-json\/wp\/v2\/categories?post=979"},{"taxonomy":"post_tag","embeddable":true,"href":"https:\/\/www.logicfactory.fr\/index.php\/wp-json\/wp\/v2\/tags?post=979"}],"curies":[{"name":"wp","href":"https:\/\/api.w.org\/{rel}","templated":true}]}}